
	
				{"id":5268,"date":"2016-05-25T11:39:29","date_gmt":"2016-05-25T09:39:29","guid":{"rendered":"http:\/\/totformatge.com\/es\/?p=5268"},"modified":"2016-12-05T10:23:40","modified_gmt":"2016-12-05T09:23:40","slug":"el-mejor-queso-del-mundo-en-tve","status":"publish","type":"post","link":"https:\/\/totformatge.com\/es\/el-mejor-queso-del-mundo-en-tve\/","title":{"rendered":"El mejor queso del mundo, en TVE"},"content":{"rendered":"<p>El 18 de mayo, la cadena 1 de Televisi\u00f3n Espa\u00f1ola, en el programa Espa\u00f1a Directo, emiti\u00f3 un\u00a0reportaje sobre la queser\u00eda\u00a0manchega\u00a0Dehesa de los Llanos donde se\u00a0elabora el queso\u00a0premiado como\u00a0mejor\u00a0queso del mundo, entre otros\u00a0galardones.<\/p>\n<p>Resulta\u00a0muy interesante entrar en\u00a0sus instalaciones y hacerse una idea de todo\u00a0lo que hay\u00a0detr\u00e1s\u00a0de\u00a0un producto excelente,\u00a0artesano e internacional al mismo tiempo.<\/p>\n<p><a href=\"http:\/\/www.rtve.es\/alacarta\/videos\/espana-directo\/mejor-queso-del-mundo-manchego\/3612143\/\">Aqu\u00ed, el v\u00eddeo<\/a>\u00a0(2 min)<\/p>\n","protected":false},"excerpt":{"rendered":"<p>El 18 de mayo, la cadena 1 de Televisi\u00f3n Espa\u00f1ola, en el programa Espa\u00f1a Directo, emiti\u00f3 un\u00a0reportaje sobre la queser\u00eda\u00a0manchega\u00a0Dehesa de los Llanos donde se\u00a0elabora el queso\u00a0premiado como\u00a0mejor\u00a0queso del mundo, entre otros\u00a0galardones. Resulta\u00a0muy interesante entrar en\u00a0sus instalaciones y hacerse una idea de todo\u00a0lo que hay\u00a0detr\u00e1s\u00a0de\u00a0un producto excelente,\u00a0artesano e internacional al mismo tiempo. Aqu\u00ed, el v\u00eddeo\u00a0(2 [&hellip;]<\/p>\n","protected":false},"author":4,"featured_media":5267,"comment_status":"open","ping_status":"closed","sticky":false,"template":"","format":"standard","meta":{"footnotes":""},"categories":[906],"tags":[1514,1526],"class_list":["post-5268","post","type-post","status-publish","format-standard","has-post-thumbnail","hentry","category-noticias","tag-dehesa-de-los-llanos-es","tag-manchego-es-2"],"_links":{"self":[{"href":"https:\/\/totformatge.com\/es\/wp-json\/wp\/v2\/posts\/5268","targetHints":{"allow":["GET"]}}],"collection":[{"href":"https:\/\/totformatge.com\/es\/wp-json\/wp\/v2\/posts"}],"about":[{"href":"https:\/\/totformatge.com\/es\/wp-json\/wp\/v2\/types\/post"}],"author":[{"embeddable":true,"href":"https:\/\/totformatge.com\/es\/wp-json\/wp\/v2\/users\/4"}],"replies":[{"embeddable":true,"href":"https:\/\/totformatge.com\/es\/wp-json\/wp\/v2\/comments?post=5268"}],"version-history":[{"count":6,"href":"https:\/\/totformatge.com\/es\/wp-json\/wp\/v2\/posts\/5268\/revisions"}],"predecessor-version":[{"id":5404,"href":"https:\/\/totformatge.com\/es\/wp-json\/wp\/v2\/posts\/5268\/revisions\/5404"}],"wp:featuredmedia":[{"embeddable":true,"href":"https:\/\/totformatge.com\/es\/wp-json\/wp\/v2\/media\/5267"}],"wp:attachment":[{"href":"https:\/\/totformatge.com\/es\/wp-json\/wp\/v2\/media?parent=5268"}],"wp:term":[{"taxonomy":"category","embeddable":true,"href":"https:\/\/totformatge.com\/es\/wp-json\/wp\/v2\/categories?post=5268"},{"taxonomy":"post_tag","embeddable":true,"href":"https:\/\/totformatge.com\/es\/wp-json\/wp\/v2\/tags?post=5268"}],"curies":[{"name":"wp","href":"https:\/\/api.w.org\/{rel}","templated":true}]}}